{"id":3219,"date":"2019-05-16T14:50:53","date_gmt":"2019-05-16T12:50:53","guid":{"rendered":"https:\/\/parkkemping.hu\/?p=3219"},"modified":"2019-06-21T12:31:05","modified_gmt":"2019-06-21T10:31:05","slug":"kemping-sator-berles-vagy-vasarlas","status":"publish","type":"post","link":"https:\/\/siralystrand.hu\/en\/kemping-sator-berles-vagy-vasarlas\/","title":{"rendered":"Camping tent rental or purchase: we make the choice easier"},"content":{"rendered":"<p>[et_pb_section fb_built=&#8221;1&#8243; _builder_version=&#8221;3.0.47&#8243; custom_padding=&#8221;25px|0px|0|0px|false|false&#8221;][et_pb_row custom_padding=&#8221;25px|0px|0|0px|false|false&#8221; _builder_version=&#8221;3.0.48&#8243; background_size=&#8221;initial&#8221; background_position=&#8221;top_left&#8221; background_repeat=&#8221;repeat&#8221;][et_pb_column type=&#8221;4_4&#8243; _builder_version=&#8221;3.0.47&#8243; parallax=&#8221;off&#8221; parallax_method=&#8221;on&#8221;][et_pb_text _builder_version=&#8221;3.0.74&#8243; background_size=&#8221;initial&#8221; background_position=&#8221;top_left&#8221; background_repeat=&#8221;repeat&#8221;]<strong>A s\u00e1traz\u00e1snak megvan az a k\u00fcl\u00f6nleges hangulata, ami m\u00e1s, hasonl\u00f3 nyaral\u00e1si \u00e9lm\u00e9nnyel nem vetekedhet. T\u00e1vol a \u201evil\u00e1gt\u00f3l\u201d, a f\u00f6ld\u00f6n fekve egy h\u00e1l\u00f3zs\u00e1kban, a f\u00fcl\u00fcnkbe ciripel egy t\u00fccs\u00f6k, mik\u00f6zben hihetetlen\u00fcl lereduk\u00e1ljuk a napi rutinhoz k\u00f6thet\u0151 teend\u0151ket. Aki szereti a szabads\u00e1g \u00e9rz\u00e9s\u00e9t meg\u00e9lni, annak a s\u00e1traz\u00e1s a t\u00f6k\u00e9letes program, \u00e1m az \u00e9vi egy nyaral\u00e1shoz \u2013 \u00e9rhet\u0151 m\u00f3don \u2013 nem felt\u00e9tlen\u00fcl szeretne mindenki beruh\u00e1zni egy igaz\u00e1n k\u00e9nyelmes \u00e9s minden ig\u00e9nynek megfelel\u0151 s\u00e1tor v\u00e1s\u00e1rl\u00e1s\u00e1ba. <\/strong><\/p>\n<p><strong>Nekik k\u00e9zenfekv\u0151 a kemping s\u00e1tor b\u00e9rl\u00e9se, r\u00e1ad\u00e1sul ak\u00e1r minden alkalommal kipr\u00f3b\u00e1lhatunk egy \u00fajat, az aktu\u00e1lis k\u00e9r\u00e9seinknek megfelel\u0151en. Cikk\u00fcnkben a kemping s\u00e1tor b\u00e9rl\u00e9s lehet\u0151s\u00e9geit szedt\u00fck \u00f6ssze nektek, amiben \u00f6sszehasonl\u00edtjuk a s\u00e1tor b\u00e9rl\u00e9se \u00e9s v\u00e1s\u00e1rl\u00e1sa k\u00f6z\u00f6tti el\u0151ny\u00f6ket \u00e9s h\u00e1tr\u00e1nyokat is.<\/strong><\/p>\n<p>A s\u00e1traz\u00e1s vitathatatlanul kit\u0171n\u0151 szabadid\u0151s tev\u00e9kenys\u00e9g, amely seg\u00edt nek\u00fcnk a term\u00e9szet felfedez\u00e9s\u00e9ben is, mik\u00f6zben eg\u00e9szs\u00e9gesen tartja a test\u00fcnket \u00e9s a lelk\u00fcnket. Felszabad\u00edt\u00f3 \u00e9rz\u00e9s az otthont\u00f3l t\u00e1vol, az erd\u0151 k\u00f6zep\u00e9n vagy m\u00e1s, megnyugtat\u00f3 k\u00f6rnyezetben megszabadulni a stresszt\u0151l.<\/p>\n<p>A csal\u00e1dunkkal vagy bar\u00e1tainkkal t\u00f6lt\u00f6tt, nagyszer\u0171 id\u0151t\u00f6lt\u00e9s nem csak sz\u00f3rakoztat\u00f3, hanem meger\u0151s\u00edti a kapcsolatainkat is. A s\u00e1torban m\u00e9g k\u00f6zelebb ker\u00fclhet\u00fcnk egym\u00e1shoz, mik\u00f6zben a biztons\u00e1got ad\u00f3, \u00e1m a term\u00e9szett\u0151l nem teljesen elv\u00e1laszt\u00f3 \u201efalakon\u201d \u00e1t besz\u0171r\u0151dnek a madarak \u00e9nekei vagy \u00e9pp a k\u00f6zeli patak csobog\u00e1s. Ez ut\u00f3bbiak bizony\u00edtottan seg\u00edtenek ak\u00e1r m\u00e9g a f\u00e1jdalom \u00e9s a depresszi\u00f3 lek\u00fczd\u00e9s\u00e9ben is.<br \/>\n[\/et_pb_text][\/et_pb_column][\/et_pb_row][et_pb_row _builder_version=&#8221;3.6&#8243;][et_pb_column type=&#8221;4_4&#8243; _builder_version=&#8221;3.6&#8243; parallax=&#8221;off&#8221; parallax_method=&#8221;on&#8221;][et_pb_image src=&#8221;https:\/\/parkkemping.hu\/wp-content\/uploads\/2019\/05\/kemping-sator-berles.jpg&#8221; alt=&#8221;Kemping s\u00e1tor b\u00e9rl\u00e9s&#8221; _builder_version=&#8221;3.6&#8243;][\/et_pb_image][\/et_pb_column][\/et_pb_row][et_pb_row _builder_version=&#8221;3.6&#8243;][et_pb_column type=&#8221;4_4&#8243; _builder_version=&#8221;3.6&#8243; parallax=&#8221;off&#8221; parallax_method=&#8221;on&#8221;][et_pb_text _builder_version=&#8221;3.6&#8243;]<\/p>\n<h2>Kemping s\u00e1tor b\u00e9rl\u00e9s vagy v\u00e1s\u00e1rl\u00e1s?<\/h2>\n<p>Amikor kempingezni indulunk, felmer\u00fcl egy fontos k\u00e9rd\u00e9s: v\u00e1s\u00e1roljunk kempingfelszerel\u00e9st \u00e9s tartsuk meg j\u00f3 hossz\u00fa ideig (j\u00f3 esetben \u00f6r\u00f6kre) vagy esetleg a kemping s\u00e1tor b\u00e9rl\u00e9se mellett tegy\u00fck le a voksunkat, ami egy napt\u00f3l ak\u00e1r k\u00e9t h\u00e9tig is tarthat.<\/p>\n<p>K\u00e9ts\u00e9gtelen, hogy a kemping s\u00e1tor v\u00e1s\u00e1rl\u00e1s sor\u00e1n hatalmas el\u0151nyt jelent, hogy addig haszn\u00e1lhatjuk azt, amennyit csak akarjuk, \u00e9s csak egyszer kell fizetn\u00fcnk \u00e9rte. Az egyszeri beruh\u00e1z\u00e1s azonban ink\u00e1bb azok sz\u00e1m\u00e1ra el\u0151ny\u00f6s, akik gyakran mennek kempingezni vagy legal\u00e1bbis a j\u00f6v\u0151ben \u00edgy tervezik.<\/p>\n<p>Aranyszab\u00e1ly a v\u00e1s\u00e1rl\u00e1sn\u00e1l, hogy min\u00e9l t\u00f6bbet haszn\u00e1ljuk, effekt\u00edve ann\u00e1l kevesebbet fizet\u00fcnk \u00e9rte haszn\u00e1latonk\u00e9nt. A v\u00e1s\u00e1rl\u00e1s sor\u00e1n r\u00e1ad\u00e1sul pontosan azt kapjuk, amit szeretn\u00e9nk, mik\u00f6zben a kemping s\u00e1tor b\u00e9rl\u00e9s sor\u00e1n korl\u00e1tozott lehet\u0151s\u00e9gek k\u00f6z\u00fcl v\u00e1laszthatunk. Az adott m\u00e1rka, sz\u00edn, funkcionalit\u00e1s \u00e9s hasonl\u00f3 jellemz\u0151k azonban mindk\u00e9t esetben el\u00e9rhet\u0151k.<\/p>\n<p>Ha a kemping s\u00e1tor b\u00e9rl\u00e9s mellett szavazunk, akkor k\u00f6nnyed\u00e9n beszerezhet\u00fcnk m\u00e1s, fontos kempingfelszerel\u00e9seket is arra az egyetlen alkalomra, mint p\u00e9ld\u00e1ul h\u00e1l\u00f3zs\u00e1k, kempingl\u00e1mpa vagy \u00e9pp egy f\u0151z\u0151lap.<br \/>\n[\/et_pb_text][\/et_pb_column][\/et_pb_row][et_pb_row _builder_version=&#8221;3.6&#8243;][et_pb_column type=&#8221;4_4&#8243; _builder_version=&#8221;3.6&#8243; parallax=&#8221;off&#8221; parallax_method=&#8221;on&#8221;][et_pb_image src=&#8221;https:\/\/parkkemping.hu\/wp-content\/uploads\/2019\/05\/sator-berlese.jpg&#8221; alt=&#8221;S\u00e1tor b\u00e9rl\u00e9se&#8221; _builder_version=&#8221;3.6&#8243;][\/et_pb_image][\/et_pb_column][\/et_pb_row][et_pb_row _builder_version=&#8221;3.6&#8243;][et_pb_column type=&#8221;4_4&#8243; _builder_version=&#8221;3.6&#8243; parallax=&#8221;off&#8221; parallax_method=&#8221;on&#8221;][et_pb_text _builder_version=&#8221;3.6&#8243;]A kemping s\u00e1tor b\u00e9rl\u00e9se k\u00e9ts\u00e9gtelen\u00fcl olcs\u00f3bb, \u00e9s ha egy komolyabb s\u00e1torban gondolkodunk, akkor ak\u00e1r egy nagyobb \u00f6sszeget is megtakar\u00edthatunk vele, amit a t\u00f6k\u00e9letes nyaral\u00e1sra ford\u00edthatunk. A m\u00e1sik el\u0151nye, hogy egy lak\u00e1s vagy egy aut\u00f3 b\u00e9rl\u00e9s\u00e9hez hasonl\u00f3an, itt is v\u00e1laszthatunk egy magasabb min\u0151s\u00e9get, amit v\u00e1s\u00e1rl\u00e1ssal tal\u00e1n nem engedhet\u00fcnk meg magunknak. Megszabadulunk a t\u00e1rol\u00e1s neh\u00e9zs\u00e9geit\u0151l, aminek nem kell a nyaral\u00e1s el\u0151tt \u00e9s ut\u00e1n helyet tal\u00e1lni a h\u00e1zunkban. Egyszer\u0171en visszaadjuk az utaz\u00e1s ut\u00e1n. Nem mellesleg a s\u00e1tor b\u00e9rl\u00e9s kit\u0171n\u0151 v\u00e1laszt\u00e1s a kezd\u0151 s\u00e1traz\u00f3knak is, akik a vonatkoz\u00f3 utas\u00edt\u00e1sok alapj\u00e1n \u00fcgyesen elsaj\u00e1t\u00edthatj\u00e1k az egyes fort\u00e9lyokat. K\u00f6lcs\u00f6nz\u00e9s k\u00f6zben r\u00e1ad\u00e1sul \u00e9vente ak\u00e1r k\u00fcl\u00f6nb\u00f6z\u0151 s\u00e1trakat is kipr\u00f3b\u00e1lhatunk, \u00edgy ha v\u00e9gk\u00e9pp beleszerett\u00fcnk ebbe az \u00e9lm\u00e9nybe \u00e9s k\u00e9szen \u00e1llunk a v\u00e1s\u00e1rl\u00e1sra, tudni fogjuk, hogy pontosan mire v\u00e1gyunk, mit szeretn\u00e9nk.<\/p>\n<p>M\u00e9g mindig neh\u00e9z a d\u00f6nt\u00e9s? Most egy t\u00e1bl\u00e1zat seg\u00edts\u00e9g\u00e9vel megmutatjuk a kemping s\u00e1tor b\u00e9rl\u00e9s \u00e9s v\u00e1s\u00e1rl\u00e1sra vonatkoz\u00f3 el\u0151ny\u00f6ket \u00e9s h\u00e1tr\u00e1nyokat:<br \/>\n[\/et_pb_text][\/et_pb_column][\/et_pb_row][et_pb_row custom_padding=&#8221;25px|0px|0|0px|false|false&#8221; _builder_version=&#8221;3.6&#8243;][et_pb_column type=&#8221;4_4&#8243; _builder_version=&#8221;3.6&#8243; parallax=&#8221;off&#8221; parallax_method=&#8221;on&#8221;][et_pb_text _builder_version=&#8221;3.6&#8243;]<\/p>\n<h3 style=\"text-align: center;\">A kemping s\u00e1tor b\u00e9rl\u00e9s el\u0151nyei \u00e9s h\u00e1tr\u00e1nyai<\/h3>\n<p>[\/et_pb_text][\/et_pb_column][\/et_pb_row][et_pb_row _builder_version=&#8221;3.6&#8243;][et_pb_column type=&#8221;1_2&#8243; _builder_version=&#8221;3.6&#8243; parallax=&#8221;off&#8221; parallax_method=&#8221;on&#8221;][et_pb_blurb use_icon=&#8221;on&#8221; font_icon=&#8221;%%47%%&#8221; icon_placement=&#8221;left&#8221; _builder_version=&#8221;3.6&#8243;]<\/p>\n<ul>\n<li>Nagyobb a v\u00e1laszt\u00e1si lehet\u0151s\u00e9g<\/li>\n<li>Szakszer\u0171 seg\u00edts\u00e9get ny\u00fajtanak a szolg\u00e1ltat\u00f3k<\/li>\n<li>Kisebb k\u00f6lts\u00e9g ha nem vagyunk gyakorlottak<\/li>\n<li>T\u00f6bb s\u00e1tort\u00edpust is ki tudsz pr\u00f3b\u00e1lni<\/li>\n<li>Jobb min\u0151s\u00e9g\u0171 vagy nagyobb befogad\u00f3k\u00e9pess\u00e9g\u0171 s\u00e1trat olcs\u00f3bb egyszer b\u00e9relni, mint hossz\u00fa t\u00e1vra megvenni<\/li>\n<\/ul>\n<p>[\/et_pb_blurb][\/et_pb_column][et_pb_column type=&#8221;1_2&#8243; _builder_version=&#8221;3.6&#8243; parallax=&#8221;off&#8221; parallax_method=&#8221;on&#8221;][et_pb_blurb use_icon=&#8221;on&#8221; font_icon=&#8221;%%46%%&#8221; icon_color=&#8221;#ed8d84&#8243; icon_placement=&#8221;left&#8221; _builder_version=&#8221;3.6&#8243;]<\/p>\n<ul>\n<li style=\"font-weight: 400;\"><span style=\"font-weight: 400;\">Kauci\u00f3\/ el\u0151leg fizet\u00e9s<\/span><\/li>\n<li style=\"font-weight: 400;\"><span style=\"font-weight: 400;\">Sok helyen nincs kisz\u00e1ll\u00edt\u00e1s<\/span><\/li>\n<li style=\"font-weight: 400;\"><span style=\"font-weight: 400;\">Igazodni a hat\u00e1rid\u0151h\u00f6z<\/span><\/li>\n<li style=\"font-weight: 400;\"><span style=\"font-weight: 400;\">Tiszt\u00edt\u00e1si d\u00edj <\/span><\/li>\n<li style=\"font-weight: 400;\"><span style=\"font-weight: 400;\">Nem a saj\u00e1tunk, jobban figyel\u00fcnk\/vigy\u00e1zunk r\u00e1 &#8211; nem engedj\u00fck el magunkat annyira<\/span><\/li>\n<li style=\"font-weight: 400;\"><span style=\"font-weight: 400;\">K\u00e1rokoz\u00e1s eset\u00e9n plusz k\u00f6lts\u00e9g<\/span><\/li>\n<\/ul>\n<p>[\/et_pb_blurb][\/et_pb_column][\/et_pb_row][et_pb_row custom_padding=&#8221;25px|0px|0|0px|false|false&#8221; _builder_version=&#8221;3.6&#8243;][et_pb_column type=&#8221;4_4&#8243; _builder_version=&#8221;3.6&#8243; parallax=&#8221;off&#8221; parallax_method=&#8221;on&#8221;][et_pb_text _builder_version=&#8221;3.6&#8243;]<\/p>\n<h3 style=\"text-align: center;\">A kemping s\u00e1tor V\u00e1s\u00e1rl\u00e1s el\u0151nyei \u00e9s h\u00e1tr\u00e1nyai<\/h3>\n<p>[\/et_pb_text][\/et_pb_column][\/et_pb_row][et_pb_row _builder_version=&#8221;3.6&#8243;][et_pb_column type=&#8221;1_2&#8243; _builder_version=&#8221;3.6&#8243; parallax=&#8221;off&#8221; parallax_method=&#8221;on&#8221;][et_pb_blurb use_icon=&#8221;on&#8221; font_icon=&#8221;%%47%%&#8221; icon_placement=&#8221;left&#8221; _builder_version=&#8221;3.6&#8243;]<\/p>\n<ul>\n<li style=\"font-weight: 400;\"><span style=\"font-weight: 400;\">Gazdas\u00e1gos, egyszer kell megvenni (ha legal\u00e1bb \u00e9vente 1x kempingez\u00fcnk)<\/span><\/li>\n<li style=\"font-weight: 400;\"><span style=\"font-weight: 400;\">Nincs hat\u00e1rid\u0151, rugalmass\u00e1g<\/span><\/li>\n<li style=\"font-weight: 400;\"><span style=\"font-weight: 400;\">Garancia<\/span><\/li>\n<li style=\"font-weight: 400;\"><span style=\"font-weight: 400;\">Otthonosabbnak \u00e9rezz\u00fck (saj\u00e1tunk)<\/span><\/li>\n<\/ul>\n<p>[\/et_pb_blurb][\/et_pb_column][et_pb_column type=&#8221;1_2&#8243; _builder_version=&#8221;3.6&#8243; parallax=&#8221;off&#8221; parallax_method=&#8221;on&#8221;][et_pb_blurb use_icon=&#8221;on&#8221; font_icon=&#8221;%%46%%&#8221; icon_color=&#8221;#ed8d84&#8243; icon_placement=&#8221;left&#8221; _builder_version=&#8221;3.6&#8243;]<\/p>\n<ul>\n<li><span style=\"font-weight: 400;\">Ha b\u0151v\u00fcl a csal\u00e1d\/ t\u00e1rsas\u00e1g akkor \u00fajat kell venni<\/span><\/li>\n<li><span style=\"font-weight: 400;\">Ha al\u00e1bbhagy a kezdeti lelkesed\u00e9s, nem \u00e9ri meg megv\u00e1s\u00e1rolni<\/span><\/li>\n<\/ul>\n<p>[\/et_pb_blurb][\/et_pb_column][\/et_pb_row][et_pb_row custom_padding=&#8221;25px|0px|0|0|false|false&#8221; _builder_version=&#8221;3.6&#8243;][et_pb_column type=&#8221;4_4&#8243; _builder_version=&#8221;3.6&#8243; parallax=&#8221;off&#8221; parallax_method=&#8221;on&#8221;][et_pb_text _builder_version=&#8221;3.6&#8243;]<\/p>\n<h2>K\u00f6lcs\u00f6n s\u00e1tor<\/h2>\n<p>Ha nem szeretn\u00e9nk elhalasztani a s\u00e1traz\u00e1s legjobb pillanatait, \u00e9s olyan szerencs\u00e9s helyzetben vagyunk, hogy a bar\u00e1taink vagy ismer\u0151seink k\u00f6z\u00fcl valaki sz\u00edvesen j\u00e1r kempingezni (\u00e9s ehhez megvan minden felszerel\u00e9se is), akkor egy\u00e9rtelm\u0171 v\u00e1laszt\u00e1snak t\u0171nhet, hogy k\u00f6lcs\u00f6nk\u00e9rj\u00fck az eszk\u00f6zeit.<\/p>\n<p>A k\u00e9rd\u00e9s m\u00e1r csak az, hogy vajon pont olyan s\u00e1trat kapunk-e, mint amilyent szeretn\u00e9nk \u00e9s term\u00e9szetesen alapk\u00f6vetelm\u00e9ny ilyenkor, hogy \u00fagy vigy\u00e1zzunk r\u00e1, mint a szem\u00fcnk f\u00e9ny\u00e9re (tal\u00e1n m\u00e9g jobban).<\/p>\n<p>A bar\u00e1ti s\u00e1tor b\u00e9rl\u00e9se k\u00e9ts\u00e9gtelen\u00fcl a legolcs\u00f3bb m\u00f3d a kempingez\u00e9s \u00e9lm\u00e9nyeinek kiakn\u00e1z\u00e1s\u00e1hoz, \u00e9s nem mellesleg ak\u00e1r otthon, az udvaron is gyakorolhatjuk a nyaral\u00e1s el\u0151tt a s\u00e1tor fel\u00e1ll\u00edt\u00e1s\u00e1t, ami bizony aranyat \u00e9rhet naplementekor vagy \u00e9pp a k\u00f6zelg\u0151 vihar idej\u00e9n.<\/p>\n<p>A s\u00e1traz\u00e1sban j\u00e1rtas bar\u00e1tunk vagy ismer\u0151s\u00fcnk bizony\u00e1ra tan\u00e1csot is tud majd adni nek\u00fcnk abban, hogy b\u00e9relni vagy v\u00e1s\u00e1rolni \u00e9rdemes a kemping s\u00e1trat, \u00e9s ak\u00e1r m\u00e9g a kiv\u00e1laszt\u00e1sban is nagy seg\u00edts\u00e9g\u00fcnkre lehet.<br \/>\n[\/et_pb_text][\/et_pb_column][\/et_pb_row][et_pb_row _builder_version=&#8221;3.6&#8243;][et_pb_column type=&#8221;4_4&#8243; _builder_version=&#8221;3.6&#8243; parallax=&#8221;off&#8221; parallax_method=&#8221;on&#8221;][et_pb_image src=&#8221;https:\/\/parkkemping.hu\/wp-content\/uploads\/2019\/05\/sator-berles-ar.jpg&#8221; alt=&#8221;S\u00e1tor b\u00e9rl\u00e9s \u00e1r&#8221; _builder_version=&#8221;3.6&#8243;][\/et_pb_image][\/et_pb_column][\/et_pb_row][et_pb_row custom_padding=&#8221;25px|0px|25px|0|false|false&#8221; _builder_version=&#8221;3.6&#8243;][et_pb_column type=&#8221;4_4&#8243; _builder_version=&#8221;3.6&#8243; parallax=&#8221;off&#8221; parallax_method=&#8221;on&#8221;][et_pb_text _builder_version=&#8221;3.6&#8243;]<\/p>\n<h2>\u00e1rak<\/h2>\n<p>Egy j\u00f3 s\u00e1tor k\u00e9nyelmes, mened\u00e9ket ny\u00fajt az es\u0151ben, a saj\u00e1t otthonunk \u00e9rzet\u00e9t kelti a vadreg\u00e9nyes t\u00e1jakon \u00e9s bizony t\u00e1vol tartja t\u0151l\u00fcnk a betolakod\u00f3 rovarokat is. Ak\u00e1r a v\u00e1s\u00e1rl\u00e1s, ak\u00e1r a kemping s\u00e1tor b\u00e9rl\u00e9s mellett tessz\u00fck le v\u00e9g\u00fcl a voksunkat, a szem\u00e9lyes ig\u00e9nyeink szerinti v\u00e1laszt\u00e1st az al\u00e1bbi h\u00e1rom alapvet\u0151 t\u00e9nyez\u0151 befoly\u00e1solhatja \u00e9s hat\u00e1rozhatja meg: a s\u00e1tor alapter\u00fclete (m\u00e9rete), a s\u00e1tor s\u00falya \u00e9s a kemping s\u00e1tor \u00e1ra.<\/p>\n<p>Els\u0151k\u00e9nt \u00e9rdemes kiv\u00e1lasztanunk, hogy pontosan milyen s\u00e1trat szeretn\u00e9nk. Ehhez tegy\u00fck fel a k\u00f6vetkez\u0151 k\u00e9rd\u00e9seket a kemping s\u00e1tor b\u00e9rl\u00e9s vagy v\u00e1s\u00e1rl\u00e1s el\u0151tt:<\/p>\n<p>\u00c1ltal\u00e1ban h\u00e1ny ember fog aludni a s\u00e1torban?<\/p>\n<ul>\n<li>Mennyi a t\u00faras\u00e1trak elfogadhat\u00f3 s\u00falya?<\/li>\n<li>Mennyi az \u00e1ra egy j\u00f3 min\u0151s\u00e9g\u0171 t\u00faras\u00e1tornak?<\/li>\n<li>Milyen id\u0151j\u00e1r\u00e1si viszonyokkal fogunk szembes\u00fclni?<\/li>\n<li>Milyen \u201eapr\u00f3s\u00e1gok\u201d sz\u00e1m\u00edtanak a legjobban (bej\u00e1ratok, el\u0151terek, stb.)?<\/li>\n<li>Mennyire k\u00f6nny\u0171 a t\u00e1borver\u00e9s?<\/li>\n<\/ul>\n<p><span style=\"font-weight: 400;\">The<\/span><a href=\"https:\/\/www.nomadsport.eu\/nomadsport-info\/hogyan-valasszunk-satrat\/#J%C3%B3%20tan%C3%A1csok\" target=\"_blank\" rel=\"noopener noreferrer\"><span style=\"font-weight: 400;\"> nomadsport.eu<\/span><\/a><span style=\"font-weight: 400;\"> v\u00e1s\u00e1rl\u00e1si seg\u00e9dlete szerint egy j\u00f3 min\u0151s\u00e9g\u0171, k\u00e9tszem\u00e9lyes t\u00faras\u00e1tor eset\u00e9n legalacsonyabb k\u00f6lts\u00e9g eset\u00e9n 7 000 forintt\u00f3l ak\u00e1r 140 000 forintig is terjedhet a kalkul\u00e1ci\u00f3 (egy komolyabb exped\u00edci\u00f3s s\u00e1tor \u00e1ra m\u00e9g az 1 milli\u00f3 forintot is megk\u00f6zel\u00edtheti), de term\u00e9szetesen v\u00e1laszthatjuk az arany k\u00f6z\u00e9putat is, ami m\u00e1r mintegy 15-25 ezer forintt\u00f3l el\u00e9rhet\u0151. Ahogy minden m\u00e1s szolg\u00e1ltat\u00e1s vagy term\u00e9k eset\u00e9n, a magasabb \u00e1r itt is t\u00f6bb k\u00e9nyelmet, jobb anyagokat \u00e9s alacsonyabb \u00f6ns\u00falyt biztos\u00edt.<\/span><br \/>\n[\/et_pb_text][\/et_pb_column][\/et_pb_row][et_pb_row _builder_version=&#8221;3.6&#8243;][et_pb_column type=&#8221;4_4&#8243; _builder_version=&#8221;3.6&#8243; parallax=&#8221;off&#8221; parallax_method=&#8221;on&#8221;][et_pb_blurb title=&#8221;A szakemberek tan\u00e1csa&#8221; use_icon=&#8221;on&#8221; font_icon=&#8221;%%221%%&#8221; icon_color=&#8221;#ffffff&#8221; use_icon_font_size=&#8221;on&#8221; icon_font_size=&#8221;60px&#8221; icon_font_size_last_edited=&#8221;on|phone&#8221; _builder_version=&#8221;3.6&#8243; header_font=&#8221;||||||||&#8221; header_text_align=&#8221;center&#8221; header_font_size_tablet=&#8221;25px&#8221; header_font_size_last_edited=&#8221;on|phone&#8221; body_font=&#8221;||||||||&#8221; body_text_align=&#8221;center&#8221; background_color=&#8221;#5da58d&#8221; text_orientation=&#8221;center&#8221; background_layout=&#8221;dark&#8221; max_width=&#8221;80%&#8221; max_width_last_edited=&#8221;on|desktop&#8221; module_alignment=&#8221;center&#8221; custom_padding=&#8221;15px|15px|15px|15px|true|true&#8221;]<\/p>\n<p style=\"text-align: left;\">\u201eHa nem j\u00e1runk t\u00fal gyakran t\u00far\u00e1zni, \u00e9rdemesebb a m\u00e9rs\u00e9kelten alacsonyabb \u00e1rkateg\u00f3ri\u00e1b\u00f3l v\u00e1lasztanunk, ahol az \u00e1r m\u00e9g nem megy a min\u0151s\u00e9g rov\u00e1s\u00e1ra.\u201d<\/p>\n<p>[\/et_pb_blurb][\/et_pb_column][\/et_pb_row][et_pb_row custom_padding=&#8221;25px|0px|25px|0|false|false&#8221; _builder_version=&#8221;3.6&#8243;][et_pb_column type=&#8221;4_4&#8243; _builder_version=&#8221;3.6&#8243; parallax=&#8221;off&#8221; parallax_method=&#8221;on&#8221;][et_pb_text _builder_version=&#8221;3.6&#8243;]<\/p>\n<h2>Aj\u00e1nlott oldalak b\u00e9rl\u00e9shez \u00e9s v\u00e1s\u00e1rl\u00e1shoz<\/h2>\n<p>A v\u00e9g\u00fcl az \u00f6sszes szempont figyelembev\u00e9tel\u00e9vel meghozzuk a d\u00f6nt\u00e9st \u00e9s m\u00e1r pontosan tudjuk, hogy a kemping s\u00e1tor b\u00e9rl\u00e9se vagy ink\u00e1bb annak a megv\u00e1s\u00e1rl\u00e1sa az igaz\u00e1n szimpatikus sz\u00e1munkra, akkor aj\u00e1nlunk n\u00e9h\u00e1ny oldalt, hogy megk\u00f6nny\u00edts\u00fck ennek a realiz\u00e1l\u00e1s\u00e1t.<\/p>\n<p><strong>Kemping s\u00e1tor b\u00e9rl\u00e9s:<\/strong><\/p>\n<ul>\n<li><a href=\"https:\/\/trexpert.hu\/?oldal=14&amp;q=s%E1tor+b%E9rl%E9s&amp;x=0&amp;y=0\" target=\"_blank\" rel=\"noopener noreferrer\">S\u00e1tor b\u00e9rl\u00e9s a trexpert.hu-n<\/a><\/li>\n<li><a href=\"http:\/\/www.bigboilie.hu\/index.php\/koelcsoenzes\/berelheto-eszkoezoek\/product\/view\/9\/25\" target=\"_blank\" rel=\"noopener noreferrer\">Kemping s\u00e1tor b\u00e9rl\u00e9s a bigboilie.hu-n kereszt\u00fcl<\/a><\/li>\n<\/ul>\n<p><strong>Kemping s\u00e1tor v\u00e1s\u00e1rl\u00e1s:<\/strong><\/p>\n<ul>\n<li><a href=\"https:\/\/www.decathlon.hu\/C-451190-minden-sator\" target=\"_blank\" rel=\"noopener noreferrer\">S\u00e1tor v\u00e1s\u00e1rl\u00e1s a Decathlon-ban<\/a><\/li>\n<li><a href=\"https:\/\/www.vidaxl.hu\/g\/1022\/satrak?gclid=Cj0KCQjw19DlBRCSARIsAOnfRejP3flihPlzeG4YcbxI6Pclq7KA7cZHysaM9MMG_cIvN2siHjOqe1saArRmEALw_wcB\" target=\"_blank\" rel=\"noopener noreferrer\">A Vidaxl.hu s\u00e1tor k\u00edn\u00e1lata<\/a><\/li>\n<li><a href=\"https:\/\/www.alza.hu\/sport\/turista-satrak\/18862702.htm?kampan=adeu_hu-tents_kemping_c_1032255_b_1t1_216702998335_~49702549190~&amp;gclid=Cj0KCQjwnpXmBRDUARIsAEo71tTnmLh5LaoJjGVJmuIR4Bp_DHJ73DVb9Sr_U9o6ag_yXxGewPOLFYUaAvF6EALw_wcB\" target=\"_blank\" rel=\"noopener noreferrer\">Kemping s\u00e1tor v\u00e1s\u00e1rl\u00e1s az alza.hu-n<\/a><\/li>\n<li><a href=\"https:\/\/www.shopalike.hu\/sport\/kempingezes\/sator\/\" target=\"_blank\" rel=\"noopener noreferrer\">Kemping s\u00e1trak a Shopalike.hu-n<\/a><\/li>\n<li><a href=\"https:\/\/www.mall.hu\/sator\" target=\"_blank\" rel=\"noopener noreferrer\">Kemping s\u00e1trak j\u00f3 \u00e1ron a mall.hu-n<\/a><\/li>\n<li><a href=\"https:\/\/www.emag.hu\/satrak\/c\" target=\"_blank\" rel=\"noopener noreferrer\">B\u00f6ng\u00e9szd az Emag s\u00e1tor k\u00edn\u00e1lat\u00e1t<\/a><\/li>\n<\/ul>\n<p>&nbsp;<br \/>\n[\/et_pb_text][\/et_pb_column][\/et_pb_row][\/et_pb_section][et_pb_section fb_built=&#8221;1&#8243; _builder_version=&#8221;3.6&#8243; background_color=&#8221;rgba(0,0,0,0.24)&#8221; background_image=&#8221;https:\/\/parkkemping.hu\/wp-content\/uploads\/2019\/06\/Park-Kemping-k\u00e9p-.jpg&#8221; background_blend=&#8221;darken&#8221; box_shadow_style=&#8221;preset1&#8243; custom_margin=&#8221;0px|-26px||-11px&#8221; custom_margin_tablet=&#8221;|0px||0px&#8221; custom_margin_last_edited=&#8221;on|desktop&#8221; custom_padding=&#8221;5px||0px|0px&#8221; global_module=&#8221;3346&#8243;][et_pb_row _builder_version=&#8221;3.6&#8243;][et_pb_column type=&#8221;4_4&#8243; _builder_version=&#8221;3.6&#8243; parallax=&#8221;off&#8221; parallax_method=&#8221;on&#8221;][et_pb_text _builder_version=&#8221;3.6&#8243; text_font=&#8221;||||||||&#8221; text_font_size=&#8221;14px&#8221; text_font_size_last_edited=&#8221;on|phone&#8221; header_font=&#8221;||||||||&#8221; header_2_font=&#8221;||||||||&#8221; header_2_text_align=&#8221;center&#8221; header_2_font_size=&#8221;24px&#8221; header_2_font_size_last_edited=&#8221;on|phone&#8221; header_3_font=&#8221;||||||||&#8221; header_3_font_size=&#8221;17px&#8221; header_3_font_size_last_edited=&#8221;on|tablet&#8221; background_layout=&#8221;dark&#8221; inline_fonts=&#8221;Pacifico&#8221;]<\/p>\n<h2>V\u00edzparti kempinget keresel el\u00e9rhet\u0151 \u00e1ron?<\/h2>\n<p style=\"text-align: center;\">Add \u00e1t magad a term\u00e9szetnek \u00e9s pihenj h\u00e1bor\u00edtatlanul a Velencei-t\u00f3 partj\u00e1n!\u00a0<strong>Kedvezm\u00e9nyes, a nyaral\u00e1sod alatt ak\u00e1r korl\u00e1tlan szabadid\u0151s eszk\u00f6zhaszn\u00e1lattal v\u00e1runk!<\/strong><\/p>\n<p>[\/et_pb_text][et_pb_button button_url=&#8221;https:\/\/parkkemping.hu\/kemping-velencei-to\/&#8221; url_new_window=&#8221;on&#8221; button_text=&#8221;Kempingezni szeretn\u00e9k!&#8221; button_alignment=&#8221;center&#8221; _builder_version=&#8221;3.6&#8243; custom_button=&#8221;on&#8221; button_text_size=&#8221;18px&#8221; button_text_color=&#8221;#000000&#8243; button_bg_color=&#8221;#edb900&#8243; button_border_color=&#8221;#edb900&#8243; button_font=&#8221;||||||||&#8221; button_icon=&#8221;%%20%%&#8221; button_text_size_last_edited=&#8221;on|tablet&#8221; custom_margin=&#8221;20px|||&#8221;][\/et_pb_button][\/et_pb_column][\/et_pb_row][\/et_pb_section]<\/p>","protected":false},"excerpt":{"rendered":"<p>[et_pb_section fb_built=&#8221;1&#8243; _builder_version=&#8221;3.0.47&#8243; custom_padding=&#8221;25px|0px|0|0px|false|false&#8221;][et_pb_row custom_padding=&#8221;25px|0px|0|0px|false|false&#8221; _builder_version=&#8221;3.0.48&#8243; background_size=&#8221;initial&#8221; background_position=&#8221;top_left&#8221; background_repeat=&#8221;repeat&#8221;][et_pb_column type=&#8221;4_4&#8243; _builder_version=&#8221;3.0.47&#8243; parallax=&#8221;off&#8221; parallax_method=&#8221;on&#8221;][et_pb_text _builder_version=&#8221;3.0.74&#8243; background_size=&#8221;initial&#8221; background_position=&#8221;top_left&#8221; background_repeat=&#8221;repeat&#8221;]A s\u00e1traz\u00e1snak megvan az a k\u00fcl\u00f6nleges hangulata, ami m\u00e1s, hasonl\u00f3 nyaral\u00e1si \u00e9lm\u00e9nnyel nem vetekedhet. T\u00e1vol a \u201evil\u00e1gt\u00f3l\u201d, a f\u00f6ld\u00f6n fekve egy h\u00e1l\u00f3zs\u00e1kban, a f\u00fcl\u00fcnkbe ciripel egy t\u00fccs\u00f6k, mik\u00f6zben hihetetlen\u00fcl lereduk\u00e1ljuk a napi rutinhoz k\u00f6thet\u0151 teend\u0151ket. Aki szereti a szabads\u00e1g [&hellip;]<\/p>","protected":false},"author":8,"featured_media":3233,"comment_status":"closed","ping_status":"closed","sticky":false,"template":"","format":"standard","meta":{"_et_pb_use_builder":"on","_et_pb_old_content":"<p><b>M\u00e1r n\u00e9h\u00e1ny \u00f3r\u00e1nyi es\u0151z\u00e9s is r\u00e9m\u00e1lomm\u00e1 teheti a kempingez\u00e9s idej\u00e9t, ha nem k\u00e9sz\u00fcl\u00fcnk fel r\u00e1 a megfelel\u0151en. Itt vannak p\u00e9ld\u00e1ul a t\u00f6nkrement elektromos eszk\u00f6z\u00f6k, az \u00e1t\u00e1zott ruh\u00e1k vagy rosszabb esetben a hipotermia. Az es\u0151nek azonban nem kell elrontania a k\u00f6vetkez\u0151 kempingez\u00e9s kalandunkat.<\/b><\/p><p>B\u00e1rmennyire is k\u00f6r\u00fcltekint\u0151en tervezz\u00fck meg a kempingez\u00e9s r\u00e9szleteit, szinte minden h\u00f3napban bek\u00f6sz\u00f6nhet egy h\u00edvatlan vend\u00e9g az es\u0151 szem\u00e9ly\u00e9ben. Nem kell hagynunk azonban, hogy mindez befoly\u00e1solja a kikapcsol\u00f3d\u00e1sunk vagy nyaral\u00e1sunk hangulat\u00e1t. Most az active.com seg\u00edts\u00e9g\u00e9vel adunk h\u00e9t tippet ahhoz, hogy fel tudjunk k\u00e9sz\u00fclni minden eshet\u0151s\u00e9gre.<\/p><h2>1. \u00a0\u00a0\u00a0\u00a0Figyeld meg a k\u00f6rnyezetedet!<\/h2><p>A term\u00e9szet csod\u00e1latos harm\u00f3ni\u00e1ban mutatja meg mag\u00e1t, \u00e9s a k\u00f6rnyezet\u00fcnket figyelve gyorsan kitapasztalhatjuk, hogy milyen jelens\u00e9gek el\u0151zik meg az id\u0151j\u00e1r\u00e1s v\u00e1ltoz\u00e1s\u00e1t. A vihar k\u00f6zeledt\u00e9t p\u00e9ld\u00e1ul hirtelen nyugodt vagy a semmib\u0151l \u00e9rkez\u0151 sz\u00e9lf\u00faj\u00e1sok jelzik, \u00e9s a h\u0151m\u00e9rs\u00e9klet is igen gyakran ingadozik. Sok hal\u00e1sz a halak viselked\u00e9s\u00e9b\u0151l olvas, de a kedvtel\u00e9sb\u0151l tartott h\u00e1zi\u00e1llatok (legink\u00e1bb a kutya) is azonnal meg\u00e9rzi a felh\u0151szakad\u00e1sok k\u00f6zeledt\u00e9t. A t\u00f6bb ezer \u00e9ves biol\u00f3gia bizony nem hazudik, ez\u00e9rt \u00e9rdemes komolyan venni ezeket a figyelmeztet\u00e9seket.<\/p><h2>2. \u00a0\u00a0\u00a0\u00a0T\u00f6ltekezz fel zacsk\u00f3kkal!<\/h2><p>Tal\u00e1n els\u0151re nem t\u0171nik k\u00e9zzelfekv\u0151nek, de a m\u0171anyag zacsk\u00f3 csod\u00e1latos tal\u00e1lm\u00e1ny. A szendvics\u00fcnk csomagol\u00f3ja vagy \u00e9pp a szemeteszs\u00e1kok kit\u0171n\u0151 seg\u00edts\u00e9g\u00fcnk lehet es\u0151 eset\u00e9n. Ezek a zacsk\u00f3k ugyanis igen hat\u00e9konyan tudj\u00e1k t\u00e1vol tartani a vizet. Gyakorlatilag alig foglal helyet a csomagunkban \u00e9s ingyen van. Folyamatosan \u00fajra tudjuk hasznos\u00edtani \u0151ket, \u00e9s itt azt\u00e1n egy\u00e1ltal\u00e1n nem sz\u00e1m\u00edt a m\u00e1rkan\u00e9v. \u00cdgy az utaz\u00e1sunk olcs\u00f3 \u00e9s n\u00e9lk\u00fcl\u00f6zhetetlen t\u00e1rsai. Egy szemeteszs\u00e1kban t\u00e1rolhatjuk p\u00e9ld\u00e1ul a t\u0171zif\u00e1t, hogy az mindig sz\u00e1raz maradjon, \u00e9s es\u0151 eset\u00e9n megv\u00e9dik az elektronikus eszk\u00f6zeinket is a nedvess\u00e9gt\u0151l. Tegy\u00fck ezekbe p\u00e9ld\u00e1ul a digit\u00e1lis f\u00e9nyk\u00e9pez\u0151g\u00e9pet \u00e9s annak mem\u00f3riak\u00e1rty\u00e1it, a fontosabb iratokat, a p\u00e9nzt \u00e9s a szem\u00e9lyes dokumentumainkat.<\/p><h2>3. \u00a0\u00a0\u00a0\u00a0Mindig tarts magadn\u00e1l \u00fajs\u00e1got!<\/h2><p>A kempingez\u00e9sre vigy\u00fcnk magunkkal egy \u00fajs\u00e1got \u00e9s igyekezz\u00fcnk azt sz\u00e1razon tartani. Ez t\u00f6bb okb\u00f3l kifoly\u00f3lag is hasznos lehet: egyr\u00e9szt es\u0151s id\u0151ben mindig tudsz mit olvasni, m\u00e1sr\u00e9szt viszont hasznos alapanyag lehet a t\u0171zgy\u00fajt\u00e1shoz. Emellett ha n\u00e9h\u00e1ny \u00fajs\u00e1glapot a cip\u0151nkben hagyunk \u00e9jszak\u00e1ra, az felgyors\u00edtja a sz\u00e1rad\u00e1sifolyamatot, hiszen \u00fagy viselkedik, mint egy szivacs.<\/p><h2>4. \u00a0\u00a0\u00a0\u00a0Ismerd meg a hipotermia jeleit!<\/h2><p>A hipotermia nem m\u00e1s, mint a test magh\u0151m\u00e9rs\u00e9klet\u00e9nek hirtelen \u00e9s sz\u00e9ls\u0151s\u00e9ges cs\u00f6kken\u00e9se. A jelens\u00e9g nem csak az \u00e9szaki sarkvid\u00e9kre \u00e9s a jeges tundr\u00e1kra jellemz\u0151, hanem egyszer\u0171en el\u0151fordulhat akkor is, ha egy hidegebb \u00e9jszak\u00e1ra a nedves ruh\u00e1inkban maradunk. Ilyenkor fontos t\u00fcnet az elmos\u00f3dott besz\u00e9d, a gyenge \u00edt\u00e9l\u0151k\u00e9pess\u00e9g, a fagy\u00e1s vagy \u00e9pp a s\u00e1padt, esetleg b\u00edborsz\u00edn\u0171 b\u0151r. Ide\u00e1lis esetben ilyenekor ir\u00e1ny a k\u00f3rh\u00e1z, de addig is vegy\u00fck le az \u00f6sszes nedves ruh\u00e1t \u00e9s takar\u00f3zzunk be sz\u00e1raz takar\u00f3kba.<\/p><h2>5.\u00a0 \u00a0 \u00a0Gy\u0171jts es\u0151vizet!<\/h2><p>Ha esik az es\u0151 kempingez\u00e9s k\u00f6zben, az nem lesz felt\u00e9tlen\u00fcl mindig rossz. Ragadjuk meg a lehet\u0151s\u00e9get az igen eg\u00e9szs\u00e9ges es\u0151v\u00edz \u00f6sszegy\u0171jt\u00e9s\u00e9re! Csavarjuk le a flaska tetej\u00e9t \u00e9s tegy\u00fck ki a palackot az es\u0151re vagy fesz\u00edts\u00fcnk ki egy ponyv\u00e1t, ahonnan egy \u00fcvegbe vagy f\u0151z\u0151ed\u00e9nybe tudjuk \u00f6nteni a vizet. Fontos, hogy k\u00f6zvetlen\u00fcl a szabad \u00e9g al\u00f3l gy\u0171jts\u00fcnk, fa\u00e1gak vagy szikl\u00e1k al\u00e1 semmik\u00e9ppen ne tegy\u00fck a gy\u0171jt\u0151ed\u00e9nyeinket.<\/p><h2>6. \u00a0\u00a0\u00a0\u00a0Tudj meg mindent a vill\u00e1mokr\u00f3l!<\/h2><p>A vihar sor\u00e1n a vill\u00e1mok lehetnek a kempingez\u00e9s legvesz\u00e9lyesebb jelens\u00e9gei. Azt m\u00e1r tudjuk, hogy a vill\u00e1ml\u00e1s mindig a mennyd\u00f6rg\u00e9st el\u0151zi meg \u00e9s gyakorlatilag szinte b\u00e1rhol lecsaphat. Ha \u00e9pp \u00faszunk (mondjuk a Velencei-t\u00f3 viz\u00e9ben) vagy cs\u00f3nakban \u00fcl\u00fcnk, azonnal menj\u00fcnk el a v\u00edz k\u00f6zel\u00e9b\u0151l! Ha a sz\u00e1razf\u00f6ld\u00f6n \u00e9r el minket a vihar, keress\u00fcnk egy olyan helyet, amely nem a terep legmagasabb f\u00f6ldrajzi pontj\u00e1n van. Fontos, hogy ne rohanjunk \u00e1t a nagyobb, labilis fa\u00e1gak alatt sem, mert azok a viharban elt\u00f6rhetnek \u00e9s lezuhanhatnak. Ne felejts\u00fck el a vihart\u00f3l megr\u00e9m\u00fclt gyerekeket \u00e9s h\u00e1zi\u00e1llatokat sem megnyugtatni!<\/p><h2>7.\u00a0 \u00a0 \u00a0Sz\u00e1r\u00edtsd meg a nedves cuccaidat!<\/h2><p>Ha a kempingez\u00e9s sor\u00e1n elkapott minket a vihar, akkor nagy val\u00f3sz\u00edn\u0171s\u00e9ggel a cuccaink is vizesek vagy nedvesek lettek a ruh\u00e1inkt\u00f3l kezdve a s\u00e1torv\u00e1sznon \u00e1t a cip\u0151kig. Ez\u00e9rt is rendk\u00edv\u00fcl fontos, hogy az utaz\u00e1s ut\u00e1n azonnal csomagoljuk ki \u00e9s sz\u00e1r\u00edtsuk meg teljesen ezeket. Ellenkez\u0151 esetben megjelenthetnek a nem k\u00edv\u00e1nt pen\u00e9szgomb\u00e1k \u00e9s m\u00e1s, titokzatos elemek, hogy t\u00f6nkretegy\u00e9k az anyagot vagy \u00e9pp rozsd\u00e1val vonj\u00e1k be kedvenc kemping felszerel\u00e9s\u00fcnk alapdarabjait, amelyekkel olyan j\u00f3 kempingez\u0151k paprik\u00e1s krumplit f\u0151zt\u00fcnk. K\u00e1r lenne \u00e9rt\u00fck, hiszen ki tudja, hogy mikor v\u00e1r minket az \u00fajabb kaland.<\/p>"},"categories":[30,27],"tags":[46,47,49,48,50],"yoast_head":"<!-- This site is optimized with the Yoast SEO plugin v14.4.1 - https:\/\/yoast.com\/wordpress\/plugins\/seo\/ -->\n<title>Kemping s\u00e1tor b\u00e9rl\u00e9s vagy v\u00e1s\u00e1rl\u00e1s: megk\u00f6nny\u00edtj\u00fck a v\u00e1laszt\u00e1st | Siralystrand<\/title>\n<meta name=\"description\" content=\"A s\u00e1traz\u00e1snak megvan az a k\u00fcl\u00f6nleges hangulata, ami m\u00e1s, hasonl\u00f3 nyaral\u00e1si \u00e9lm\u00e9nnyel nem vetekedhet. De kemping s\u00e1tor b\u00e9rl\u00e9s vagy v\u00e1s\u00e1rl\u00e1s? A bejegyz\u00e9s\u00fcnkben \u00f6sszeszedt\u00fck mindk\u00e9t opci\u00f3 el\u0151nyeit \u00e9s h\u00e1tr\u00e1nyait.\" \/>\n<meta name=\"robots\" content=\"index, follow\" \/>\n<meta name=\"googlebot\" content=\"index, follow, max-snippet:-1, max-image-preview:large, max-video-preview:-1\" \/>\n<meta name=\"bingbot\" content=\"index, follow, max-snippet:-1, max-image-preview:large, max-video-preview:-1\" \/>\n<link rel=\"canonical\" href=\"https:\/\/siralystrand.hu\/en\/kemping-sator-berles-vagy-vasarlas\/\" \/>\n<meta property=\"og:locale\" content=\"en_GB\" \/>\n<meta property=\"og:type\" content=\"article\" \/>\n<meta property=\"og:title\" content=\"Kemping s\u00e1tor b\u00e9rl\u00e9s vagy v\u00e1s\u00e1rl\u00e1s: megk\u00f6nny\u00edtj\u00fck a v\u00e1laszt\u00e1st | Siralystrand\" \/>\n<meta property=\"og:description\" content=\"A s\u00e1traz\u00e1snak megvan az a k\u00fcl\u00f6nleges hangulata, ami m\u00e1s, hasonl\u00f3 nyaral\u00e1si \u00e9lm\u00e9nnyel nem vetekedhet. De kemping s\u00e1tor b\u00e9rl\u00e9s vagy v\u00e1s\u00e1rl\u00e1s? A bejegyz\u00e9s\u00fcnkben \u00f6sszeszedt\u00fck mindk\u00e9t opci\u00f3 el\u0151nyeit \u00e9s h\u00e1tr\u00e1nyait.\" \/>\n<meta property=\"og:url\" content=\"https:\/\/siralystrand.hu\/en\/kemping-sator-berles-vagy-vasarlas\/\" \/>\n<meta property=\"og:site_name\" content=\"Siralystrand\" \/>\n<meta property=\"article:publisher\" content=\"https:\/\/www.facebook.com\/siralystrand\/\" \/>\n<meta property=\"article:published_time\" content=\"2019-05-16T12:50:53+00:00\" \/>\n<meta property=\"article:modified_time\" content=\"2019-06-21T10:31:05+00:00\" \/>\n<meta property=\"og:image\" content=\"https:\/\/siralystrand.hu\/wp-content\/uploads\/2019\/05\/9-2.jpg\" \/>\n\t<meta property=\"og:image:width\" content=\"1200\" \/>\n\t<meta property=\"og:image:height\" content=\"628\" \/>\n<meta name=\"twitter:card\" content=\"summary_large_image\" \/>\n<script type=\"application\/ld+json\" class=\"yoast-schema-graph\">{\"@context\":\"https:\/\/schema.org\",\"@graph\":[{\"@type\":\"Organization\",\"@id\":\"https:\/\/siralystrand.hu\/en\/#organization\",\"name\":\"Sir\\u00e1ly Strand \\u00e9s Kemping\",\"url\":\"https:\/\/siralystrand.hu\/en\/\",\"sameAs\":[\"https:\/\/www.facebook.com\/siralystrand\/\"],\"logo\":{\"@type\":\"ImageObject\",\"@id\":\"https:\/\/siralystrand.hu\/en\/#logo\",\"inLanguage\":\"en-GB\",\"url\":\"https:\/\/siralystrand.hu\/wp-content\/uploads\/2020\/05\/siralystrand-logo.png\",\"width\":120,\"height\":112,\"caption\":\"Sir\\u00e1ly Strand \\u00e9s Kemping\"},\"image\":{\"@id\":\"https:\/\/siralystrand.hu\/en\/#logo\"}},{\"@type\":\"WebSite\",\"@id\":\"https:\/\/siralystrand.hu\/en\/#website\",\"url\":\"https:\/\/siralystrand.hu\/en\/\",\"name\":\"Siralystrand\",\"description\":\"Kemping | Strand\",\"publisher\":{\"@id\":\"https:\/\/siralystrand.hu\/en\/#organization\"},\"potentialAction\":[{\"@type\":\"SearchAction\",\"target\":\"https:\/\/siralystrand.hu\/en\/?s={search_term_string}\",\"query-input\":\"required name=search_term_string\"}],\"inLanguage\":\"en-GB\"},{\"@type\":\"ImageObject\",\"@id\":\"https:\/\/siralystrand.hu\/kemping-sator-berles-vagy-vasarlas\/#primaryimage\",\"inLanguage\":\"en-GB\",\"url\":\"https:\/\/siralystrand.hu\/wp-content\/uploads\/2019\/05\/9-2.jpg\",\"width\":1200,\"height\":628},{\"@type\":\"WebPage\",\"@id\":\"https:\/\/siralystrand.hu\/kemping-sator-berles-vagy-vasarlas\/#webpage\",\"url\":\"https:\/\/siralystrand.hu\/kemping-sator-berles-vagy-vasarlas\/\",\"name\":\"Kemping s\\u00e1tor b\\u00e9rl\\u00e9s vagy v\\u00e1s\\u00e1rl\\u00e1s: megk\\u00f6nny\\u00edtj\\u00fck a v\\u00e1laszt\\u00e1st | Siralystrand\",\"isPartOf\":{\"@id\":\"https:\/\/siralystrand.hu\/en\/#website\"},\"primaryImageOfPage\":{\"@id\":\"https:\/\/siralystrand.hu\/kemping-sator-berles-vagy-vasarlas\/#primaryimage\"},\"datePublished\":\"2019-05-16T12:50:53+00:00\",\"dateModified\":\"2019-06-21T10:31:05+00:00\",\"description\":\"A s\\u00e1traz\\u00e1snak megvan az a k\\u00fcl\\u00f6nleges hangulata, ami m\\u00e1s, hasonl\\u00f3 nyaral\\u00e1si \\u00e9lm\\u00e9nnyel nem vetekedhet. De kemping s\\u00e1tor b\\u00e9rl\\u00e9s vagy v\\u00e1s\\u00e1rl\\u00e1s? A bejegyz\\u00e9s\\u00fcnkben \\u00f6sszeszedt\\u00fck mindk\\u00e9t opci\\u00f3 el\\u0151nyeit \\u00e9s h\\u00e1tr\\u00e1nyait.\",\"inLanguage\":\"en-GB\",\"potentialAction\":[{\"@type\":\"ReadAction\",\"target\":[\"https:\/\/siralystrand.hu\/kemping-sator-berles-vagy-vasarlas\/\"]}]},{\"@type\":\"Article\",\"@id\":\"https:\/\/siralystrand.hu\/kemping-sator-berles-vagy-vasarlas\/#article\",\"isPartOf\":{\"@id\":\"https:\/\/siralystrand.hu\/kemping-sator-berles-vagy-vasarlas\/#webpage\"},\"author\":{\"@id\":\"https:\/\/siralystrand.hu\/en\/#\/schema\/person\/bf4c5ae4306e05c8f3d88bbde7c72ba6\"},\"headline\":\"Kemping s\\u00e1tor b\\u00e9rl\\u00e9s vagy v\\u00e1s\\u00e1rl\\u00e1s: megk\\u00f6nny\\u00edtj\\u00fck a v\\u00e1laszt\\u00e1st\",\"datePublished\":\"2019-05-16T12:50:53+00:00\",\"dateModified\":\"2019-06-21T10:31:05+00:00\",\"commentCount\":0,\"mainEntityOfPage\":{\"@id\":\"https:\/\/siralystrand.hu\/kemping-sator-berles-vagy-vasarlas\/#webpage\"},\"publisher\":{\"@id\":\"https:\/\/siralystrand.hu\/en\/#organization\"},\"image\":{\"@id\":\"https:\/\/siralystrand.hu\/kemping-sator-berles-vagy-vasarlas\/#primaryimage\"},\"keywords\":\"kemping s\\u00e1tor,kemping s\\u00e1tor b\\u00e9rl\\u00e9s,kemping s\\u00e1tor b\\u00e9rl\\u00e9s vagy v\\u00e1s\\u00e1rl\\u00e1s,kemping s\\u00e1tor v\\u00e1s\\u00e1rl\\u00e1s,s\\u00e1tor b\\u00e9rl\\u00e9s vagy v\\u00e1s\\u00e1rl\\u00e1s\",\"articleSection\":\"\\u00c9let\\u00e9rz\\u00e9s,Tippek\",\"inLanguage\":\"en-GB\"},{\"@type\":[\"Person\"],\"@id\":\"https:\/\/siralystrand.hu\/en\/#\/schema\/person\/bf4c5ae4306e05c8f3d88bbde7c72ba6\",\"name\":\"J\\u00e1nos Tirszin\",\"image\":{\"@type\":\"ImageObject\",\"@id\":\"https:\/\/siralystrand.hu\/en\/#personlogo\",\"inLanguage\":\"en-GB\",\"url\":\"https:\/\/secure.gravatar.com\/avatar\/1bcf4a44a3cadfa26a1cefafd9735588?s=96&d=mm&r=g\",\"caption\":\"J\\u00e1nos Tirszin\"}}]}<\/script>\n<!-- \/ Yoast SEO plugin. -->","_links":{"self":[{"href":"https:\/\/siralystrand.hu\/en\/wp-json\/wp\/v2\/posts\/3219"}],"collection":[{"href":"https:\/\/siralystrand.hu\/en\/wp-json\/wp\/v2\/posts"}],"about":[{"href":"https:\/\/siralystrand.hu\/en\/wp-json\/wp\/v2\/types\/post"}],"author":[{"embeddable":true,"href":"https:\/\/siralystrand.hu\/en\/wp-json\/wp\/v2\/users\/8"}],"replies":[{"embeddable":true,"href":"https:\/\/siralystrand.hu\/en\/wp-json\/wp\/v2\/comments?post=3219"}],"version-history":[{"count":16,"href":"https:\/\/siralystrand.hu\/en\/wp-json\/wp\/v2\/posts\/3219\/revisions"}],"predecessor-version":[{"id":3352,"href":"https:\/\/siralystrand.hu\/en\/wp-json\/wp\/v2\/posts\/3219\/revisions\/3352"}],"wp:featuredmedia":[{"embeddable":true,"href":"https:\/\/siralystrand.hu\/en\/wp-json\/wp\/v2\/media\/3233"}],"wp:attachment":[{"href":"https:\/\/siralystrand.hu\/en\/wp-json\/wp\/v2\/media?parent=3219"}],"wp:term":[{"taxonomy":"category","embeddable":true,"href":"https:\/\/siralystrand.hu\/en\/wp-json\/wp\/v2\/categories?post=3219"},{"taxonomy":"post_tag","embeddable":true,"href":"https:\/\/siralystrand.hu\/en\/wp-json\/wp\/v2\/tags?post=3219"}],"curies":[{"name":"wp","href":"https:\/\/api.w.org\/{rel}","templated":true}]}}